{"headers": {"id": "ID", "periodo": "Per\u00edodo", "titulo": "Mat\u00e9ria", "autor": "Autor", "ementa": "Ementa", "situacao": "Situa\u00e7\u00e3o"}, "results": [{"id": 1188, "periodo": "ordem dia", "titulo": "Projeto de Lei Ordin\u00e1ria Poder Executivo n\u00ba 9 de 2026", "autor": "Fabio Staniszewski Machiavelli - Prefeito Municipal", "ementa": "Altera os Anexos II, IV e V da Lei n\u00ba 510/1999, para ampliar o n\u00famero de vagas de cargos efetivos, e d\u00e1 outras provid\u00eancias.", "situacao": "N\u00e3o informada"}, {"id": 1194, "periodo": "ordem dia", "titulo": "Indica\u00e7\u00e3o Verbal n\u00ba 18 de 2026", "autor": "Marinaldo Schmidt Lemes", "ementa": "Solicitando ao Poder Executivo que, atrav\u00e9s do setor de obras, realize a manuten\u00e7\u00e3o da estrada da localidade do 112, ligando at\u00e9 a comunidade de \u00c1gua Amarela do Meio. Ressalta-se que as m\u00e1quinas do setor de obras j\u00e1 se encontram atuando na regi\u00e3o, o que facilitaria a execu\u00e7\u00e3o do servi\u00e7o.\r\nDestaca-se tamb\u00e9m que a estrada j\u00e1 recebeu uma base de p\u00f3 de pedra, colocada anteriormente por uma empresa, de modo que a aplica\u00e7\u00e3o de pedra sobre essa base resultar\u00e1 em uma estrada de boa qualidade.", "situacao": "N\u00e3o informada"}]}