{"id":712,"__str__":"Indica\u00e7\u00e3o Verbal n\u00ba 55 de 2023 | Proposi\u00e7\u00e3o aprovado pelo presidente em plen\u00e1rio | 28/06/2023","link_detail_backend":"/materia/tramitacao/712","metadata":{},"timestamp":"2023-07-03T11:10:12.207198-03:00","data_tramitacao":"2023-06-28","data_encaminhamento":"2023-06-28","urgente":false,"turno":"","texto":"","data_fim_prazo":null,"ip":"45.189.15.192","ultima_edicao":"2023-07-03T11:09:16.809993-03:00","status":44,"materia":638,"unidade_tramitacao_local":7,"unidade_tramitacao_destino":7,"user":2}