{"id":2923,"__str__":"Indica\u00e7\u00e3o Verbal n\u00ba 7 de 2026 | Proposi\u00e7\u00e3o aprovado pelo presidente em plen\u00e1rio | 23/02/2026","link_detail_backend":"/materia/tramitacao/2923","metadata":{},"timestamp":"2026-02-24T11:21:50.547236-03:00","data_tramitacao":"2026-02-23","data_encaminhamento":"2026-02-23","urgente":false,"turno":"U","texto":"","data_fim_prazo":null,"ip":"177.125.40.49","ultima_edicao":"2026-02-24T11:21:22.399474-03:00","status":44,"materia":1174,"unidade_tramitacao_local":7,"unidade_tramitacao_destino":6,"user":6}