{"id":2914,"__str__":"Indica\u00e7\u00e3o Verbal n\u00ba 5 de 2026 | Proposi\u00e7\u00e3o aprovado pelo presidente em plen\u00e1rio | 09/02/2026","link_detail_backend":"/materia/tramitacao/2914","metadata":{},"timestamp":"2026-02-11T10:26:43.944317-03:00","data_tramitacao":"2026-02-09","data_encaminhamento":"2026-02-09","urgente":false,"turno":"U","texto":"","data_fim_prazo":null,"ip":"187.17.230.123","ultima_edicao":"2026-02-11T10:25:18.046468-03:00","status":44,"materia":1171,"unidade_tramitacao_local":7,"unidade_tramitacao_destino":6,"user":6}