{"id":2894,"__str__":"Indica\u00e7\u00e3o Verbal n\u00ba 1 de 2026 | Proposi\u00e7\u00e3o aprovado pelo presidente em plen\u00e1rio | 02/02/2026","link_detail_backend":"/materia/tramitacao/2894","metadata":{},"timestamp":"2026-02-05T10:20:21.033969-03:00","data_tramitacao":"2026-02-02","data_encaminhamento":"2026-02-02","urgente":false,"turno":"U","texto":"","data_fim_prazo":null,"ip":"187.17.230.253","ultima_edicao":"2026-02-05T10:19:46.124529-03:00","status":44,"materia":1166,"unidade_tramitacao_local":7,"unidade_tramitacao_destino":6,"user":6}