{"id":966,"__str__":"Indica\u00e7\u00e3o Verbal n\u00ba 78 de 2024","link_detail_backend":"/materia/966","metadata":{},"numero":78,"ano":2024,"numero_protocolo":162,"data_apresentacao":"2024-12-04","tipo_apresentacao":"O","data_publicacao":null,"numero_origem_externa":"","ano_origem_externa":null,"data_origem_externa":null,"apelido":"","dias_prazo":null,"data_fim_prazo":null,"em_tramitacao":true,"polemica":false,"objeto":"","complementar":false,"ementa":"\u201cReivindicando ao Poder Executivo, para que atrav\u00e9s do Setor competente sejam substitu\u00eddas algumas l\u00e2mpadas de ilumina\u00e7\u00e3o p\u00fablica, nas Ruas Adelino Cordeiro e Julieta Mayer Guimar\u00e3es. Centro. Justificou a presente Indica\u00e7\u00e3o, afirmando estar atendendo v\u00e1rias reivindica\u00e7\u00f5es da Popula\u00e7\u00e3o\u201d.","indexacao":"","observacao":"","resultado":"","texto_original":"http://sapl.antonioolinto.pr.leg.br/media/sapl/public/materialegislativa/2024/966/78.docx","data_ultima_atualizacao":"2024-12-09T10:53:01.897000-03:00","ip":"190.102.51.109","ultima_edicao":"2024-12-09T10:49:17.866792-03:00","tipo":13,"regime_tramitacao":1,"tipo_origem_externa":null,"local_origem_externa":null,"user":2,"anexadas":[],"autores":[96]}