{"id":957,"__str__":"Projeto de Lei Ordin\u00e1ria n\u00ba 17 de 2024","link_detail_backend":"/materia/957","metadata":{},"numero":17,"ano":2024,"numero_protocolo":154,"data_apresentacao":"2024-11-13","tipo_apresentacao":"E","data_publicacao":null,"numero_origem_externa":"","ano_origem_externa":null,"data_origem_externa":null,"apelido":"","dias_prazo":null,"data_fim_prazo":null,"em_tramitacao":false,"polemica":false,"objeto":"","complementar":false,"ementa":"\"DISP\u00d5E SOBRE A ALTERA\u00c7\u00c3O NAS LEIS MUNICIPAIS N\u00bas 863, DE 14 DE DEZEMBRO DE 2017 E 982, DE 03 DE JANEIRO DE 2023 PARA REAJUSTAR O VALOR DAS DI\u00c1RIAS E AUX\u00cdLIO ALIMENTA\u00c7\u00c3O DO PODER LEGISLATIVO E D\u00c1 OUTRAS PROVID\u00caNCIAS\".","indexacao":"","observacao":"","resultado":"","texto_original":"http://sapl.antonioolinto.pr.leg.br/media/sapl/public/materialegislativa/2024/957/pl_17-202422052025.pdf","data_ultima_atualizacao":"2025-05-22T13:40:38.179685-03:00","ip":"190.102.51.24","ultima_edicao":"2025-05-22T13:40:37.968373-03:00","tipo":2,"regime_tramitacao":1,"tipo_origem_externa":null,"local_origem_externa":null,"user":2,"anexadas":[],"autores":[105]}