{"id":949,"__str__":"Indica\u00e7\u00e3o Verbal n\u00ba 67 de 2024","link_detail_backend":"/materia/949","metadata":{},"numero":67,"ano":2024,"numero_protocolo":147,"data_apresentacao":"2024-10-18","tipo_apresentacao":"O","data_publicacao":null,"numero_origem_externa":"","ano_origem_externa":null,"data_origem_externa":null,"apelido":"","dias_prazo":null,"data_fim_prazo":null,"em_tramitacao":true,"polemica":false,"objeto":"","complementar":false,"ementa":"Reivindicando ao Poder Executivo, para que atrav\u00e9s do Setor de Obras haja uma reestrutura\u00e7\u00e3o na estrada principal desde a Sede, at\u00e9 a comunidade do Buti\u00e1. Justificou dizendo que em toda extens\u00e3o do trecho requer um trabalho de Patrolamento, coloca\u00e7\u00e3o de pedras, e desobstru\u00e7\u00e3o de bueiros e valetas, em alguns pontos, para que a \u00e1gua das chuvas n\u00e3o se acumulem, danificando ainda mais a estrada.","indexacao":"","observacao":"","resultado":"","texto_original":"http://sapl.antonioolinto.pr.leg.br/media/sapl/public/materialegislativa/2024/949/67.docx","data_ultima_atualizacao":"2024-10-18T13:20:51.987608-03:00","ip":"190.102.51.106","ultima_edicao":"2024-10-18T13:19:36.098739-03:00","tipo":13,"regime_tramitacao":1,"tipo_origem_externa":null,"local_origem_externa":null,"user":2,"anexadas":[],"autores":[3]}