{"id":71,"__str__":"Indica\u00e7\u00e3o Verbal n\u00ba 19 de 2022","link_detail_backend":"/materia/71","metadata":{},"numero":19,"ano":2022,"numero_protocolo":null,"data_apresentacao":"2022-03-14","tipo_apresentacao":"O","data_publicacao":null,"numero_origem_externa":"","ano_origem_externa":null,"data_origem_externa":null,"apelido":"","dias_prazo":null,"data_fim_prazo":null,"em_tramitacao":false,"polemica":false,"objeto":"","complementar":false,"ementa":"INDICA\u00c7\u00c3O VERBAL n\u00ba 38/2022, de autoria do Sr. Vereador ELISEU SCHIMIDT DE OLIVEIRA. O qual solicitou ao Executivo, para que atrav\u00e9s do Setor de Obras, realize um trabalho de reestrutura\u00e7\u00e3o, na estrada que se inicia pr\u00f3ximo \u00e0 propriedade do Sr. Laurinho Afonso, retornando at\u00e9 a propriedade do Sr. Jo\u00e3o Cola\u00e7o, em \u00c1gua Amarela de Cima. Justificou afirmando serem trechos curtos, portanto n\u00e3o requer longo tempo para que seja efetuada tal melhoria, ocasi\u00e3o em que as m\u00e1quinas est\u00e3o prestando servi\u00e7os nas proximidades.","indexacao":"","observacao":"","resultado":"","texto_original":"http://sapl.antonioolinto.pr.leg.br/media/sapl/public/materialegislativa/2022/71/indicacao_38.pdf","data_ultima_atualizacao":"2022-09-01T11:01:12.009179-03:00","ip":"45.189.15.244","ultima_edicao":"2022-09-01T10:56:44.455880-03:00","tipo":13,"regime_tramitacao":1,"tipo_origem_externa":null,"local_origem_externa":null,"user":2,"anexadas":[],"autores":[100]}