{"id":656,"__str__":"Indica\u00e7\u00e3o Verbal n\u00ba 64 de 2023","link_detail_backend":"/materia/656","metadata":{},"numero":64,"ano":2023,"numero_protocolo":192,"data_apresentacao":"2023-08-02","tipo_apresentacao":"O","data_publicacao":null,"numero_origem_externa":"","ano_origem_externa":null,"data_origem_externa":null,"apelido":"","dias_prazo":null,"data_fim_prazo":null,"em_tramitacao":true,"polemica":false,"objeto":"","complementar":false,"ementa":"\u201cSolicitou ao Poder Executivo para que atrav\u00e9s Setor Competente, seja verificado e resolvido o motivo, pelo qual a qualidade da \u00c1gua est\u00e1 sendo fornecida apresentando m\u00e1 qualidade. Justificou afirmando que especialmente na regi\u00e3o dos Soares, da resid\u00eancia do Sr. Antoninho Cola\u00e7o em diante, os moradores relataram que a \u00e1gua est\u00e1 chegando \u00e0 Popula\u00e7\u00e3o, apresentando cheiro e colora\u00e7\u00e3o incompat\u00edveis com as caracter\u00edsticas exigidas para o consumo humano\u201d.","indexacao":"","observacao":"","resultado":"","texto_original":"http://sapl.antonioolinto.pr.leg.br/media/sapl/public/materialegislativa/2023/656/64.pdf","data_ultima_atualizacao":"2023-08-04T16:01:02.809062-03:00","ip":"45.189.15.149","ultima_edicao":"2023-08-04T15:58:43.165005-03:00","tipo":13,"regime_tramitacao":1,"tipo_origem_externa":null,"local_origem_externa":null,"user":2,"anexadas":[],"autores":[99]}