{"id":638,"__str__":"Indica\u00e7\u00e3o Verbal n\u00ba 55 de 2023","link_detail_backend":"/materia/638","metadata":{},"numero":55,"ano":2023,"numero_protocolo":178,"data_apresentacao":"2023-06-28","tipo_apresentacao":"O","data_publicacao":null,"numero_origem_externa":"","ano_origem_externa":null,"data_origem_externa":null,"apelido":"","dias_prazo":null,"data_fim_prazo":null,"em_tramitacao":true,"polemica":false,"objeto":"","complementar":false,"ementa":"solicita ao Poder Executivo, para que atrav\u00e9s do Setor de Obras seja constru\u00edda uma lombada na rua de sa\u00edda \u00e0 comunidade da Campina. Justificou refor\u00e7ando as demais reivindica\u00e7\u00f5es sua e de outros Vereadores, para que seja estudada a possibilidade de atender essas demandas, ressaltando que s\u00e3o pedidos da Popula\u00e7\u00e3o. No aguardo da aten\u00e7\u00e3o, e certo de contar com a vossa compreens\u00e3o, renovamos votos de estima e apresso.","indexacao":"","observacao":"","resultado":"","texto_original":"http://sapl.antonioolinto.pr.leg.br/media/sapl/public/materialegislativa/2023/638/55.pdf","data_ultima_atualizacao":"2023-07-03T11:14:22.828143-03:00","ip":"45.189.15.192","ultima_edicao":"2023-07-03T11:08:48.909994-03:00","tipo":13,"regime_tramitacao":1,"tipo_origem_externa":null,"local_origem_externa":null,"user":2,"anexadas":[],"autores":[98]}