{"id":60,"__str__":"Indica\u00e7\u00e3o Verbal n\u00ba 8 de 2022","link_detail_backend":"/materia/60","metadata":{},"numero":8,"ano":2022,"numero_protocolo":null,"data_apresentacao":"2022-02-21","tipo_apresentacao":"O","data_publicacao":null,"numero_origem_externa":"","ano_origem_externa":null,"data_origem_externa":null,"apelido":"","dias_prazo":null,"data_fim_prazo":null,"em_tramitacao":false,"polemica":false,"objeto":"","complementar":false,"ementa":"INDICA\u00c7\u00c3O VERBAL n\u00ba 23/2022, de autoria do Sr. Vereador ELISEU SCHIMIDT DE OLIVEIRA. O qual solicitou ao Executivo, atrav\u00e9s do Setor competente para que seja repassado o valor correspondente \u00e0 Insalubridade, aos Funcion\u00e1rios P\u00fablicos de acordo com a Lei. Justificou sua Indica\u00e7\u00e3o afirmando estar tendendo reivindica\u00e7\u00f5es da for\u00e7a de trabalho do Funcionalismo P\u00fablico Municipal, e no cumprimento da fun\u00e7\u00e3o de Legislar, vem por meio desta, representa-los.","indexacao":"","observacao":"","resultado":"","texto_original":"http://sapl.antonioolinto.pr.leg.br/media/sapl/public/materialegislativa/2022/60/indicacao_23.pdf","data_ultima_atualizacao":"2022-09-01T09:16:20.511000-03:00","ip":"45.189.15.244","ultima_edicao":"2022-09-01T09:11:14.141931-03:00","tipo":13,"regime_tramitacao":1,"tipo_origem_externa":null,"local_origem_externa":null,"user":2,"anexadas":[],"autores":[100]}