{"id":600,"__str__":"Projeto de Lei Ordin\u00e1ria n\u00ba 16 de 2023","link_detail_backend":"/materia/600","metadata":{},"numero":16,"ano":2023,"numero_protocolo":138,"data_apresentacao":"2023-05-31","tipo_apresentacao":"E","data_publicacao":null,"numero_origem_externa":"","ano_origem_externa":null,"data_origem_externa":null,"apelido":"","dias_prazo":null,"data_fim_prazo":null,"em_tramitacao":false,"polemica":false,"objeto":"","complementar":false,"ementa":"DISP\u00d5E SOBRE A CELEBRA\u00c7\u00c3O DO DIA DO IMIGRANTE NO MUNIC\u00cdPIO DE ANTONIO OLINTO. QUE SER\u00c1 COMEMORADO NO DIA 08 DE DEZEMBRO.","indexacao":"","observacao":"","resultado":"","texto_original":"http://sapl.antonioolinto.pr.leg.br/media/sapl/public/materialegislativa/2023/600/pl_16-2023_projeto_imigrante.pdf","data_ultima_atualizacao":"2023-07-04T08:47:30.785642-03:00","ip":"45.189.15.194","ultima_edicao":"2023-05-31T10:22:51.724745-03:00","tipo":2,"regime_tramitacao":1,"tipo_origem_externa":null,"local_origem_externa":null,"user":2,"anexadas":[],"autores":[97]}