{"id":591,"__str__":"Requerimento n\u00ba 26 de 2023","link_detail_backend":"/materia/591","metadata":{},"numero":26,"ano":2023,"numero_protocolo":129,"data_apresentacao":"2023-05-24","tipo_apresentacao":"E","data_publicacao":null,"numero_origem_externa":"","ano_origem_externa":null,"data_origem_externa":null,"apelido":"","dias_prazo":null,"data_fim_prazo":null,"em_tramitacao":true,"polemica":false,"objeto":"","complementar":false,"ementa":"1)\tA obra de reforma da Escola Jo\u00e3o Francisco Siqueira no Distrito de lagoa da Cruz prev\u00ea o concerto dos beirais do telhado da referida institui\u00e7\u00e3o de ensino? \r\n2)\tPrev\u00ea a troca dos pisos com taquinhos, que s\u00e3o antigos?\r\n3)\tPrev\u00ea a instala\u00e7\u00e3o de corrim\u00e3os nas escadas?\r\n4)\tPrev\u00ea a instala\u00e7\u00e3o de divis\u00f3rias nos banheiros?\r\n5)\thaver\u00e1 constru\u00e7\u00e3o sobre as fossas s\u00e9pticas?\r\n6)\tHouve a instaura\u00e7\u00e3o de procedimento para apura\u00e7\u00e3o de irregularidades na execu\u00e7\u00e3o da referida obra ou a notifica\u00e7\u00e3o da empresa acerca de alguma situa\u00e7\u00e3o decorrente da execu\u00e7\u00e3o do contrato? Se sim, encaminhar c\u00f3pia (preferencialmente digital).","indexacao":"","observacao":"","resultado":"","texto_original":"http://sapl.antonioolinto.pr.leg.br/media/sapl/public/materialegislativa/2023/591/requerimento_26-2023_final_-_ricardo.pdf","data_ultima_atualizacao":"2023-09-13T16:25:03.399008-03:00","ip":"45.189.15.194","ultima_edicao":"2023-05-24T18:35:32.395904-03:00","tipo":7,"regime_tramitacao":1,"tipo_origem_externa":null,"local_origem_externa":null,"user":2,"anexadas":[],"autores":[96]}