{"id":464,"__str__":"Requerimento n\u00ba 15 de 2023","link_detail_backend":"/materia/464","metadata":{},"numero":15,"ano":2023,"numero_protocolo":48,"data_apresentacao":"2023-03-08","tipo_apresentacao":"E","data_publicacao":null,"numero_origem_externa":"","ano_origem_externa":null,"data_origem_externa":null,"apelido":"","dias_prazo":30,"data_fim_prazo":"2023-03-29","em_tramitacao":true,"polemica":false,"objeto":"","complementar":false,"ementa":"1)\tQual foi a arrecada\u00e7\u00e3o do Munic\u00edpio com IPTU no exerc\u00edcio financeiro de 2022?\r\n2)\t O Poder Executivo possui informa\u00e7\u00f5es de quantos contribuintes constantes do cadastro municipal \u00e9 acometido ou est\u00e1 em tratamento de c\u00e2ncer?\r\n3)\tSe a resposta do item anterior for positiva, favor informar qual \u00e9 o valor arrecadado destes contribuintes relativo ao IPTU no exerc\u00edcio financeiro de 2022.","indexacao":"","observacao":"","resultado":"","texto_original":"http://sapl.antonioolinto.pr.leg.br/media/sapl/public/materialegislativa/2023/464/requerimento_15-2023_-_zalo.pdf","data_ultima_atualizacao":"2023-06-13T14:25:08.689137-03:00","ip":"45.189.15.250","ultima_edicao":"2023-04-26T16:06:49.803813-03:00","tipo":7,"regime_tramitacao":1,"tipo_origem_externa":null,"local_origem_externa":null,"user":2,"anexadas":[],"autores":[97]}