{"id":400,"__str__":"Indica\u00e7\u00e3o Verbal n\u00ba 107 de 2022","link_detail_backend":"/materia/400","metadata":{},"numero":107,"ano":2022,"numero_protocolo":null,"data_apresentacao":"2022-12-05","tipo_apresentacao":"O","data_publicacao":null,"numero_origem_externa":"","ano_origem_externa":null,"data_origem_externa":null,"apelido":"","dias_prazo":null,"data_fim_prazo":null,"em_tramitacao":false,"polemica":false,"objeto":"","complementar":false,"ementa":"INDICA\u00c7\u00c3O VERBAL n\u00ba 270/2022, realizada em Plen\u00e1rio, dia 05 de Dezembro de 2022, de autoria do Sr. Vereador NAT\u00c1LIO ZILDO FALC\u00c3O. O qual solicitou ao Poder Executivo, para que atrav\u00e9s do Setor competente viabilize a amplia\u00e7\u00e3o da rede de ilumina\u00e7\u00e3o p\u00fablica, na rua Jos\u00e9 Ambr\u00f3sio Soares da Veiga, pr\u00f3xima ao Cemit\u00e9rio.\r\nJustificou sua Indica\u00e7\u00e3o, afirmando que tal projeto j\u00e1 tem sido realizado em v\u00e1rias ruas da Cidade, portanto na rua acima citada existe a mesma car\u00eancia.","indexacao":"","observacao":"","resultado":"","texto_original":"http://sapl.antonioolinto.pr.leg.br/media/sapl/public/materialegislativa/2022/400/270.pdf","data_ultima_atualizacao":"2022-12-12T15:04:40.672252-03:00","ip":"45.189.15.146","ultima_edicao":"2022-12-12T14:45:44.161180-03:00","tipo":13,"regime_tramitacao":1,"tipo_origem_externa":null,"local_origem_externa":null,"user":2,"anexadas":[],"autores":[98]}