{"id":3,"__str__":"Indica\u00e7\u00e3o n\u00ba 6 de 2020","link_detail_backend":"/materia/3","metadata":{},"numero":6,"ano":2020,"numero_protocolo":null,"data_apresentacao":"2020-04-06","tipo_apresentacao":"E","data_publicacao":null,"numero_origem_externa":"","ano_origem_externa":null,"data_origem_externa":null,"apelido":"","dias_prazo":null,"data_fim_prazo":null,"em_tramitacao":false,"polemica":false,"objeto":"","complementar":false,"ementa":"INDICA\u00c7\u00c3O N\u00ba 06/2020\r\n\tGILCIANO MOREIRA, Vereador com assento nesta Casa Legislativa, no uso de suas prerrogativas que lhes s\u00e3o conferidas pelos artigos 22, 168, inciso \u201cX\u201d e 187 e seguintes do Regimento Interno, PROP\u00d5E, uma vez ouvido o Colendo Plen\u00e1rio, a seguinte:\r\nINDICA\u00c7\u00c3O:\r\n\tPara que o Poder Executivo, atrav\u00e9s do setor competente, estude a possibilidade de destinar uma bonifica\u00e7\u00e3o salarial aos profissionais do setor da sa\u00fade que est\u00e3o envolvidos no combate do coronav\u00edrus - COVID-19.\r\nAnt\u00f4nio Olinto, 06 de abril de 2020.\r\n\r\n                                                                                                                                                      GILCIANO MOREIRA\r\n                                                                                                                                                               Vereador","indexacao":"","observacao":"","resultado":"","texto_original":"http://sapl.antonioolinto.pr.leg.br/media/sapl/public/materialegislativa/2020/3/indicacao_06_-_gilciano.pdf","data_ultima_atualizacao":"2020-11-05T08:34:09.687020-03:00","ip":"45.189.15.78","ultima_edicao":"2020-11-05T08:32:00.614097-03:00","tipo":10,"regime_tramitacao":1,"tipo_origem_externa":null,"local_origem_externa":null,"user":2,"anexadas":[],"autores":[10]}