{"id":395,"__str__":"Indica\u00e7\u00e3o Verbal n\u00ba 145 de 2021","link_detail_backend":"/materia/395","metadata":{},"numero":145,"ano":2021,"numero_protocolo":null,"data_apresentacao":"2021-11-22","tipo_apresentacao":"O","data_publicacao":null,"numero_origem_externa":"","ano_origem_externa":null,"data_origem_externa":null,"apelido":"","dias_prazo":null,"data_fim_prazo":null,"em_tramitacao":false,"polemica":false,"objeto":"","complementar":false,"ementa":"INDICA\u00c7\u00c3O VERBAL n\u00ba 323/2021, realizada em Plen\u00e1rio, dia 22 de Novembro de 2021, de autoria do Sr. Vereador WILSON NAPOLE\u00c3O GUENZE. O qual solicitou ao Executivo, para que atrav\u00e9s da Secretaria Municipal de Sa\u00fade, viabilize atendimentos M\u00e9dico Pedi\u00e1trico, nos Postos de Sa\u00fade de todas as comunidades do Interior do Munic\u00edpio.  \r\nJustificou afirmando sobre a necessidade de evolu\u00e7\u00e3o em todas as \u00c1reas, em especial da Sa\u00fade, sendo uma necessidade primordial, cabe ao Poder P\u00fablico implantar Pol\u00edticas que visem melhorar o atendimento \u00e0 Popula\u00e7\u00e3o.","indexacao":"","observacao":"","resultado":"","texto_original":"http://sapl.antonioolinto.pr.leg.br/media/sapl/public/materialegislativa/2021/395/pediatra_no_interior.docx","data_ultima_atualizacao":"2022-11-30T15:10:33.182060-03:00","ip":"45.189.15.174","ultima_edicao":"2022-11-30T15:08:53.728756-03:00","tipo":13,"regime_tramitacao":1,"tipo_origem_externa":null,"local_origem_externa":null,"user":2,"anexadas":[],"autores":[]}