{"id":394,"__str__":"Indica\u00e7\u00e3o Verbal n\u00ba 144 de 2021","link_detail_backend":"/materia/394","metadata":{},"numero":144,"ano":2021,"numero_protocolo":null,"data_apresentacao":"2021-08-16","tipo_apresentacao":"O","data_publicacao":null,"numero_origem_externa":"","ano_origem_externa":null,"data_origem_externa":null,"apelido":"","dias_prazo":null,"data_fim_prazo":null,"em_tramitacao":false,"polemica":false,"objeto":"","complementar":false,"ementa":"INDICA\u00c7\u00c3O VERBAL n\u00ba 246/2021, realizada em Plen\u00e1rio, dia 16 de Agosto de 2021, de autoria do Sr. Vereador WILSON NAPOLE\u00c3O GUENZE. O qual solicitou ao Executivo, para que atrav\u00e9s do Setor de Obras, realize um trabalho de recupera\u00e7\u00e3o na estrada que liga as comunidades do Mato Preto ao Avencal.\r\nJustificou afirmando que a estrada acima citada, bem como de toda a extens\u00e3o das estradas principais e secund\u00e1rias, da comunidade do Avencal, est\u00e3o em p\u00e9ssimo estado, necessitando urgentemente de tais melhorias, garantindo melhor comodidade e seguran\u00e7a aos usu\u00e1rios.","indexacao":"","observacao":"","resultado":"","texto_original":"http://sapl.antonioolinto.pr.leg.br/media/sapl/public/materialegislativa/2021/394/mato_preto._lavador.docx","data_ultima_atualizacao":"2022-11-30T15:08:47.605588-03:00","ip":"45.189.15.174","ultima_edicao":"2022-11-30T15:05:04.564724-03:00","tipo":13,"regime_tramitacao":1,"tipo_origem_externa":null,"local_origem_externa":null,"user":2,"anexadas":[],"autores":[]}