{"id":37,"__str__":"Indica\u00e7\u00e3o Verbal n\u00ba 23 de 2020","link_detail_backend":"/materia/37","metadata":{},"numero":23,"ano":2020,"numero_protocolo":null,"data_apresentacao":"2020-10-26","tipo_apresentacao":"O","data_publicacao":null,"numero_origem_externa":"","ano_origem_externa":null,"data_origem_externa":null,"apelido":"","dias_prazo":null,"data_fim_prazo":null,"em_tramitacao":false,"polemica":false,"objeto":"","complementar":false,"ementa":"Em Sess\u00e3o Ordin\u00e1ria realizada dia 26 de Outubro de 2020, a Presid\u00eancia desta Casa acatou INDICA\u00c7\u00c3O VERBAL realizada em Plen\u00e1rio, de autoria do Sr. Vereador JURANDIR FERREIRA ALVES, o qual solicitou ao Executivo. Para que atrav\u00e9s do setor competente, a instala\u00e7\u00e3o de Lumin\u00e1rias na Estrada em frente \u00e0 resid\u00eancia do Sr. Mario Cezar de Lima, Na localidade de Lagoa da Cruz. \r\nJustificou afirmando que v\u00e1rias fam\u00edlias residem no referido local e v\u00eam sentindo a necessidade de tais instala\u00e7\u00f5es.","indexacao":"","observacao":"","resultado":"","texto_original":null,"data_ultima_atualizacao":"2020-11-05T10:49:13.552707-03:00","ip":"45.189.15.78","ultima_edicao":"2020-11-05T10:48:01.577369-03:00","tipo":13,"regime_tramitacao":1,"tipo_origem_externa":null,"local_origem_externa":null,"user":2,"anexadas":[],"autores":[5]}