{"id":36,"__str__":"Indica\u00e7\u00e3o Verbal n\u00ba 22 de 2020","link_detail_backend":"/materia/36","metadata":{},"numero":22,"ano":2020,"numero_protocolo":null,"data_apresentacao":"2020-10-19","tipo_apresentacao":"O","data_publicacao":null,"numero_origem_externa":"","ano_origem_externa":null,"data_origem_externa":null,"apelido":"","dias_prazo":null,"data_fim_prazo":null,"em_tramitacao":false,"polemica":false,"objeto":"","complementar":false,"ementa":"Em Sess\u00e3o Ordin\u00e1ria realizada dia 19 de Outubro de 2020, a Presid\u00eancia desta Casa acatou INDICA\u00c7\u00c3O VERBAL realizada em Plen\u00e1rio, de autoria do Sr. Vereador JURANDIR FERREIRA ALVES, o qual solicitou ao Executivo: Para que atrav\u00e9s do setor competente, viabilizar a instala\u00e7\u00e3o de duas Lumin\u00e1rias na \u201cEstrada do Alcedino\u201d. \r\nJustificou estar atendendo a demanda de moradores da Localidade que necessitam de tais instala\u00e7\u00f5es, a referida rua tem in\u00edcio na resid\u00eancia do Sr. Oziel.","indexacao":"","observacao":"","resultado":"","texto_original":null,"data_ultima_atualizacao":"2020-11-05T10:47:49.025061-03:00","ip":"45.189.15.78","ultima_edicao":"2020-11-05T10:32:40.090097-03:00","tipo":13,"regime_tramitacao":1,"tipo_origem_externa":null,"local_origem_externa":null,"user":2,"anexadas":[],"autores":[5]}