{"id":35,"__str__":"Indica\u00e7\u00e3o Verbal n\u00ba 21 de 2020","link_detail_backend":"/materia/35","metadata":{},"numero":21,"ano":2020,"numero_protocolo":null,"data_apresentacao":"2020-10-19","tipo_apresentacao":"O","data_publicacao":null,"numero_origem_externa":"","ano_origem_externa":null,"data_origem_externa":null,"apelido":"","dias_prazo":null,"data_fim_prazo":null,"em_tramitacao":false,"polemica":false,"objeto":"","complementar":false,"ementa":"Em Sess\u00e3o Ordin\u00e1ria realizada dia 19 de Outubro de 2020, a Presid\u00eancia desta Casa acatou INDICA\u00c7\u00c3O VERBAL realizada em Plen\u00e1rio, de autoria do Sr. Vereador GILCIANO MOREIRA, o qual solicitou para que o Executivo Municipal atrav\u00e9s do setor competente, viabilize a continua\u00e7\u00e3o da obra paralisada do gin\u00e1sio de esportes ao lado do Campo Municipal Jo\u00e3o Dubiel.\r\nJustificou afirmando que em estudo com o Jur\u00eddico da C\u00e2mara foi verificado que n\u00e3o existe nenhum embargo jur\u00eddico no processo de improbidade em tr\u00e2mite na justi\u00e7a estadual do Paran\u00e1 em face do esp\u00f3lio do ex-prefeito, Jos\u00e9 Ambr\u00f3sio Soares da Veiga, podendo assim, em tese, esta obra ter continuidade, a qual pode ser usada como garagem aos ve\u00edculos da Sa\u00fade, ve\u00edculos escolares ou mesmo como um Mini CEASA Municipal, demanda dos agricultores familiares, ou qualquer outra demanda do Munic\u00edpio que o gestor entender priorit\u00e1ria.","indexacao":"","observacao":"","resultado":"","texto_original":null,"data_ultima_atualizacao":"2020-11-05T10:32:37.449184-03:00","ip":"45.189.15.78","ultima_edicao":"2020-11-05T10:31:55.698870-03:00","tipo":13,"regime_tramitacao":1,"tipo_origem_externa":null,"local_origem_externa":null,"user":2,"anexadas":[],"autores":[10]}