{"id":32,"__str__":"Indica\u00e7\u00e3o Verbal n\u00ba 18 de 2020","link_detail_backend":"/materia/32","metadata":{},"numero":18,"ano":2020,"numero_protocolo":null,"data_apresentacao":"2020-08-03","tipo_apresentacao":"O","data_publicacao":null,"numero_origem_externa":"","ano_origem_externa":null,"data_origem_externa":null,"apelido":"","dias_prazo":null,"data_fim_prazo":null,"em_tramitacao":false,"polemica":false,"objeto":"","complementar":false,"ementa":"Em Sess\u00e3o Ordin\u00e1ria realizada dia 03 de Agosto de 2020, a Presid\u00eancia desta Casa acatou INDICA\u00c7\u00c3O VERBAL realizada em Plen\u00e1rio, de autoria do Sr. Vereador GILCIANO MOREIRA, o qual solicitou ao Executivo Municipal, atrav\u00e9s do setor competente que se poss\u00edvel realize patrolamento e empedramento na Comunidade do Avencal e tamb\u00e9m a constru\u00e7\u00e3o de um bueiro em frente \u00e0 resid\u00eancia do senhor Floriano Staunetchey.\r\nJustificou estar atendendo a demanda dos moradores da Comunidade do Avencal, pois relataram que ap\u00f3s as chuvas as condi\u00e7\u00f5es das estradas piorou dificultando o acesso e o transporte de pessoas e produtos, necessitando assim de reparos para garantir o acesso e seguran\u00e7a dos que ali se utilizam.","indexacao":"","observacao":"","resultado":"","texto_original":null,"data_ultima_atualizacao":"2020-11-05T10:28:38.941087-03:00","ip":"45.189.15.78","ultima_edicao":"2020-11-05T10:27:43.996754-03:00","tipo":13,"regime_tramitacao":1,"tipo_origem_externa":null,"local_origem_externa":null,"user":2,"anexadas":[],"autores":[10]}