{"id":31,"__str__":"Indica\u00e7\u00e3o Verbal n\u00ba 17 de 2020","link_detail_backend":"/materia/31","metadata":{},"numero":17,"ano":2020,"numero_protocolo":null,"data_apresentacao":"2020-08-03","tipo_apresentacao":"O","data_publicacao":null,"numero_origem_externa":"","ano_origem_externa":null,"data_origem_externa":null,"apelido":"","dias_prazo":null,"data_fim_prazo":null,"em_tramitacao":false,"polemica":false,"objeto":"","complementar":false,"ementa":"Em Sess\u00e3o Ordin\u00e1ria realizada dia 03 de Agosto de 2020, a Presid\u00eancia desta Casa acatou INDICA\u00c7\u00c3O VERBAL realizada em Plen\u00e1rio, de autoria do Sr. Vereador GILCIANO MOREIRA, o qual solicitou ao Executivo Municipal, atrav\u00e9s do setor competente que se poss\u00edvel a instala\u00e7\u00e3o de uma academia ao ar livre na comunidade do Buti\u00e1.\r\nJustificou estar atendendo a demanda dos moradores das localidade do Buti\u00e1, pois ressaltaram que outras comunidades j\u00e1 possuem a academia, sendo assim de grande utilidade para a popula\u00e7\u00e3o, onde poder\u00e3o utilizar para seu bem estar e lazer.","indexacao":"","observacao":"","resultado":"","texto_original":null,"data_ultima_atualizacao":"2020-11-05T10:27:32.792267-03:00","ip":"45.189.15.78","ultima_edicao":"2020-11-05T10:26:39.356596-03:00","tipo":13,"regime_tramitacao":1,"tipo_origem_externa":null,"local_origem_externa":null,"user":2,"anexadas":[],"autores":[10]}