{"id":308,"__str__":"Indica\u00e7\u00e3o Verbal n\u00ba 103 de 2022","link_detail_backend":"/materia/308","metadata":{},"numero":103,"ano":2022,"numero_protocolo":null,"data_apresentacao":"2022-11-21","tipo_apresentacao":"O","data_publicacao":null,"numero_origem_externa":"","ano_origem_externa":null,"data_origem_externa":null,"apelido":"","dias_prazo":null,"data_fim_prazo":null,"em_tramitacao":false,"polemica":false,"objeto":"","complementar":false,"ementa":"INDICA\u00c7\u00c3O VERBAL n\u00ba 257/2021realizada em Plen\u00e1rio, dia 21 de Novembro de 2022, de autoria do Sr. Vereador RICARDO WISNIESKI ALVES, o qual solicitou ao Poder Executivo, para que atrav\u00e9s do Setor de Obras, realize um trabalho de reestrutura\u00e7\u00e3o na estrada desde a comunidade da Campina, at\u00e9 a Estrada velha.\r\nJustificou estar atendendo reivindica\u00e7\u00f5es de moradores locais, e dentre toda a Popula\u00e7\u00e3o, citou o nome de Dez pessoas, produtores agr\u00edcolas que utilizam a referida estrada, e v\u00eam tendo dificuldade diante do p\u00e9ssimo estado que as estradas se encontram.","indexacao":"","observacao":"","resultado":"","texto_original":"http://sapl.antonioolinto.pr.leg.br/media/sapl/public/materialegislativa/2022/308/257.pdf","data_ultima_atualizacao":"2022-11-25T09:39:24.504850-03:00","ip":"45.189.15.238","ultima_edicao":"2022-11-25T09:37:25.336198-03:00","tipo":13,"regime_tramitacao":1,"tipo_origem_externa":null,"local_origem_externa":null,"user":2,"anexadas":[],"autores":[96]}