{"id":29,"__str__":"Indica\u00e7\u00e3o Verbal n\u00ba 15 de 2020","link_detail_backend":"/materia/29","metadata":{},"numero":15,"ano":2020,"numero_protocolo":null,"data_apresentacao":"2020-07-13","tipo_apresentacao":"O","data_publicacao":null,"numero_origem_externa":"","ano_origem_externa":null,"data_origem_externa":null,"apelido":"","dias_prazo":null,"data_fim_prazo":null,"em_tramitacao":false,"polemica":false,"objeto":"","complementar":false,"ementa":"Em Sess\u00e3o Ordin\u00e1ria realizada dia 13 de Julho de 2020, a Presid\u00eancia desta Casa acatou INDICA\u00c7\u00c3O VERBAL realizada em Plen\u00e1rio, de autoria do Sr. Vereador GILCIANO MOREIRA, o qual solicitou ao Executivo Municipal, atrav\u00e9s do setor competente que verifique a legalidade da restaura\u00e7\u00e3o da antiga estrada que liga a Comunidade do Pedroso ao Avencal.\r\nJustificou estar atendendo a demanda dos moradores das localidades, pois a estrada era muito utilizada para transporte de gr\u00e3os e deslocamento de moradores para outras localidades, pois permite fazer um trajeto em menos tempo sendo assim seria de grande valia a restaura\u00e7\u00e3o dessa estrada.","indexacao":"","observacao":"","resultado":"","texto_original":null,"data_ultima_atualizacao":"2020-11-05T10:25:25.983324-03:00","ip":"45.189.15.78","ultima_edicao":"2020-11-05T10:24:45.530276-03:00","tipo":13,"regime_tramitacao":1,"tipo_origem_externa":null,"local_origem_externa":null,"user":2,"anexadas":[],"autores":[10]}