{"id":27,"__str__":"Indica\u00e7\u00e3o Verbal n\u00ba 13 de 2020","link_detail_backend":"/materia/27","metadata":{},"numero":13,"ano":2020,"numero_protocolo":null,"data_apresentacao":"2020-06-15","tipo_apresentacao":"O","data_publicacao":null,"numero_origem_externa":"","ano_origem_externa":null,"data_origem_externa":null,"apelido":"","dias_prazo":null,"data_fim_prazo":null,"em_tramitacao":false,"polemica":false,"objeto":"","complementar":false,"ementa":"Em Sess\u00e3o Ordin\u00e1ria realizada dia 15 de junho de 2020, a Presid\u00eancia desta Casa acatou INDICA\u00c7\u00c3O VERBAL realizada em Plen\u00e1rio, de autoria do Sr. Vereador CEZAR RONALDO WOLOCHEN DE CAMARGO, o qual solicitou ao Executivo. Servi\u00e7os de reparo em bueiro na rua Nossa Senhora dos Corais em frente \u00e0 resid\u00eancia do di\u00e1cono Jo\u00e3o Karpovicz.\r\nJustificou afirmando que precisa de reparos no Bueiro, que com a chuva acabou ocasionando um buraco, necessitando da troca da manilha, que foi danificada, facilitando o acesso dos moradores e auxiliando no tr\u00e1fego.","indexacao":"","observacao":"","resultado":"","texto_original":null,"data_ultima_atualizacao":"2020-11-05T10:23:07.880321-03:00","ip":"45.189.15.78","ultima_edicao":"2020-11-05T10:22:20.145224-03:00","tipo":13,"regime_tramitacao":1,"tipo_origem_externa":null,"local_origem_externa":null,"user":2,"anexadas":[],"autores":[2]}