{"id":259,"__str__":"Indica\u00e7\u00e3o Verbal n\u00ba 15 de 2021","link_detail_backend":"/materia/259","metadata":{},"numero":15,"ano":2021,"numero_protocolo":null,"data_apresentacao":"2021-02-01","tipo_apresentacao":"O","data_publicacao":null,"numero_origem_externa":"","ano_origem_externa":null,"data_origem_externa":null,"apelido":"","dias_prazo":null,"data_fim_prazo":null,"em_tramitacao":false,"polemica":false,"objeto":"","complementar":false,"ementa":"INDICA\u00c7\u00c3O VERBAL 15/2021 atrav\u00e9s da qual solicitou ao Poder Executivo, para que seja viabilizada uma Academia ao ar livre, pr\u00f3xima \u00e0 Escola, na comunidade do Buti\u00e1. Justificou sua Indica\u00e7\u00e3o, afirmando que seria de extrema import\u00e2ncia a instala\u00e7\u00e3o de uma Academia na referida Comunidade, como forma de incentivo \u00e0 pr\u00e1tica de Atividades F\u00edsicas, algo essencial para melhorar a qualidade de vida.","indexacao":"","observacao":"","resultado":"","texto_original":"http://sapl.antonioolinto.pr.leg.br/media/sapl/public/materialegislativa/2021/259/indicacao_15.pdf","data_ultima_atualizacao":"2023-05-10T15:12:33.454848-03:00","ip":"45.189.15.194","ultima_edicao":"2023-05-10T15:12:33.187414-03:00","tipo":13,"regime_tramitacao":1,"tipo_origem_externa":null,"local_origem_externa":null,"user":2,"anexadas":[],"autores":[]}