{"id":255,"__str__":"Indica\u00e7\u00e3o Verbal n\u00ba 11 de 2021","link_detail_backend":"/materia/255","metadata":{},"numero":11,"ano":2021,"numero_protocolo":null,"data_apresentacao":"2021-01-18","tipo_apresentacao":"O","data_publicacao":null,"numero_origem_externa":"","ano_origem_externa":null,"data_origem_externa":null,"apelido":"","dias_prazo":null,"data_fim_prazo":null,"em_tramitacao":false,"polemica":false,"objeto":"","complementar":false,"ementa":"INDICA\u00c7\u00c3O VERBAL n\u00ba11/2021,  realizada em Plen\u00e1rio, de autoria do Sr. Vereador ELISEU SCHIMIDT DE OLIVEIRA. O qual solicitou ao Executivo, para que haja uma cobran\u00e7a da Secretaria Municipal da Sa\u00fade, para que seja estipulado um prazo, para marca\u00e7\u00e3o dos exames para os Pacientes.\r\nJustificou afirmando que em certos caso, pacientes aguardam at\u00e9 1 (um) ano, para fazer um exame, o que certamente agravar\u00e1 o problema devido \u00e0 espera, pois quanto antes diagnosticado, mais f\u00e1cil ser\u00e1 o tratamento.\r\nSugeriu que fosse estabelecido um prazo de 60 (sessenta) dias no m\u00e1ximo para que seja marcado qualquer tipo de exames.","indexacao":"","observacao":"","resultado":"","texto_original":"http://sapl.antonioolinto.pr.leg.br/media/sapl/public/materialegislativa/2021/255/exames.docx","data_ultima_atualizacao":"2023-04-11T16:24:51.898628-03:00","ip":"45.189.15.158","ultima_edicao":"2023-04-11T16:24:51.722705-03:00","tipo":13,"regime_tramitacao":1,"tipo_origem_externa":null,"local_origem_externa":null,"user":2,"anexadas":[],"autores":[97]}