{"id":253,"__str__":"Indica\u00e7\u00e3o Verbal n\u00ba 9 de 2021","link_detail_backend":"/materia/253","metadata":{},"numero":9,"ano":2021,"numero_protocolo":null,"data_apresentacao":"2021-01-11","tipo_apresentacao":"O","data_publicacao":null,"numero_origem_externa":"","ano_origem_externa":null,"data_origem_externa":null,"apelido":"","dias_prazo":null,"data_fim_prazo":null,"em_tramitacao":false,"polemica":false,"objeto":"","complementar":false,"ementa":"INDICA\u00c7\u00c3O VERBAL n\u00ba 09/2021, realizada em Plen\u00e1rio, de autoria do Sr. Vereador JOS\u00c9 JOAREZ IUSVIAKI. O qual solicitou ao Poder Executivo, que seja estudado qual \u00e9 o empecilho, que vem impedindo as amplia\u00e7\u00f5es das extens\u00f5es das redes de \u00e1gua tratada para todas as resid\u00eancias da Cidade de Antonio Olinto.  \r\nJustificou afirmando que ouve muitas reclama\u00e7\u00f5es de moradores que solicitam um esclarecimento do Poder P\u00fablico, acerca de quem \u00e9 a compet\u00eancia para solucionar o referido problema.","indexacao":"","observacao":"","resultado":"","texto_original":"http://sapl.antonioolinto.pr.leg.br/media/sapl/public/materialegislativa/2021/253/09.docx","data_ultima_atualizacao":"2023-04-11T14:41:33.328339-03:00","ip":"45.189.15.158","ultima_edicao":"2023-04-11T14:41:33.101962-03:00","tipo":13,"regime_tramitacao":1,"tipo_origem_externa":null,"local_origem_externa":null,"user":2,"anexadas":[],"autores":[]}