{"id":24,"__str__":"Indica\u00e7\u00e3o Verbal n\u00ba 10 de 2020","link_detail_backend":"/materia/24","metadata":{},"numero":10,"ano":2020,"numero_protocolo":null,"data_apresentacao":"2020-06-08","tipo_apresentacao":"O","data_publicacao":null,"numero_origem_externa":"","ano_origem_externa":null,"data_origem_externa":null,"apelido":"","dias_prazo":null,"data_fim_prazo":null,"em_tramitacao":false,"polemica":false,"objeto":"","complementar":false,"ementa":"Em Sess\u00e3o Ordin\u00e1ria realizada dia 08 de junho de 2020, a Presid\u00eancia desta Casa acatou INDICA\u00c7\u00c3O VERBAL realizada em Plen\u00e1rio, de autoria do Sr. Vereador MARINALDO SCHIMIDT LEMES, o qual solicitou ao Executivo Municipal servi\u00e7os de reparos no bueiro dos \u201cB\u00e1 \u201c na Comunidade de \u00c1gua Amarela do Meio.\r\nJustificou afirmando que o referido bueiro est\u00e1 precisando de reparos, pois foi feito de eucalipto e encontra-se deteriorando-se prejudicando o trafego de usu\u00e1rios que passam pelo local.","indexacao":"","observacao":"","resultado":"","texto_original":null,"data_ultima_atualizacao":"2020-11-05T10:18:42.931216-03:00","ip":"45.189.15.78","ultima_edicao":"2020-11-05T10:17:38.655710-03:00","tipo":13,"regime_tramitacao":1,"tipo_origem_externa":null,"local_origem_externa":null,"user":2,"anexadas":[],"autores":[6]}