{"id":247,"__str__":"Indica\u00e7\u00e3o Verbal n\u00ba 3 de 2021","link_detail_backend":"/materia/247","metadata":{},"numero":3,"ano":2021,"numero_protocolo":null,"data_apresentacao":"2021-01-04","tipo_apresentacao":"O","data_publicacao":null,"numero_origem_externa":"","ano_origem_externa":null,"data_origem_externa":null,"apelido":"","dias_prazo":null,"data_fim_prazo":null,"em_tramitacao":false,"polemica":false,"objeto":"","complementar":false,"ementa":"INDICA\u00c7\u00c3O VERBAL n\u00ba 03/2021, realizada em Plen\u00e1rio, de autoria do Sr. Vereador ELISEU SCHIMIDT DE OLIVEIRA, o qual solicitou ao Setor competente, para que seja estudada a possibilidade do funcionamento da Farm\u00e1cia do posto de sa\u00fade da Sede do Munic\u00edpio em tempo integral (durante \u00e0 noite). Bem como tentar acordo com os propriet\u00e1rios das farm\u00e1cias particulares, para que seja estendido o hor\u00e1rio de atendimento aos clientes.\r\nJustificou afirmando que as pessoas que necessitam de atendimento no hor\u00e1rio do plant\u00e3o, s\u00e3o obrigados a voltar pra suas casas, e retornar somente no outro dia buscar os medicamentos no posto ou comprar nas farm\u00e1cias, devido \u00e0 falta desse servi\u00e7o de extrema necessidade.","indexacao":"","observacao":"","resultado":"","texto_original":"http://sapl.antonioolinto.pr.leg.br/media/sapl/public/materialegislativa/2021/247/03.docx","data_ultima_atualizacao":"2023-04-11T10:41:24.161339-03:00","ip":"45.189.15.158","ultima_edicao":"2023-04-11T10:41:23.970901-03:00","tipo":13,"regime_tramitacao":1,"tipo_origem_externa":null,"local_origem_externa":null,"user":2,"anexadas":[],"autores":[]}