{"id":229,"__str__":"Indica\u00e7\u00e3o Verbal n\u00ba 93 de 2022","link_detail_backend":"/materia/229","metadata":{},"numero":93,"ano":2022,"numero_protocolo":null,"data_apresentacao":"2022-10-31","tipo_apresentacao":"O","data_publicacao":null,"numero_origem_externa":"","ano_origem_externa":null,"data_origem_externa":null,"apelido":"","dias_prazo":null,"data_fim_prazo":null,"em_tramitacao":false,"polemica":false,"objeto":"","complementar":false,"ementa":"* INDICA\u00c7\u00c3O VERBAL n\u00ba 237/2022de autoria do Sr. Vereador RICARDO WISNIESKI ALVES, o qual solicitou ao Poder Executivo, solicitou ao Poder Executivo, por meio do setor competente realize um trabalho nas redes de ilumina\u00e7\u00e3o p\u00fablica, pr\u00f3xima \u00e0s propriedades dos Srs. Mauro e \u201cInho\u201d, na comunidade do Imbuial. Justificou a necessidade da presente Indica\u00e7\u00e3o, atendendo a demanda da Popula\u00e7\u00e3o local, destacando que ruas Iluminadas garantem maior seguran\u00e7a, melhores condi\u00e7\u00f5es de tr\u00e1fego. (Acatada pela Presid\u00eancia).","indexacao":"","observacao":"","resultado":"","texto_original":null,"data_ultima_atualizacao":"2022-11-07T13:46:21.298417-03:00","ip":"45.189.15.230","ultima_edicao":"2022-11-07T13:44:01.198121-03:00","tipo":13,"regime_tramitacao":1,"tipo_origem_externa":null,"local_origem_externa":null,"user":2,"anexadas":[],"autores":[96]}