{"id":228,"__str__":"Indica\u00e7\u00e3o Verbal n\u00ba 92 de 2022","link_detail_backend":"/materia/228","metadata":{},"numero":92,"ano":2022,"numero_protocolo":null,"data_apresentacao":"2022-10-31","tipo_apresentacao":"O","data_publicacao":null,"numero_origem_externa":"","ano_origem_externa":null,"data_origem_externa":null,"apelido":"","dias_prazo":null,"data_fim_prazo":null,"em_tramitacao":false,"polemica":false,"objeto":"","complementar":false,"ementa":"* INDICA\u00c7\u00c3O VERBAL n\u00ba 236/2022, de autoria do Sr. Vereador JOS\u00c9 JOAREZ IUSVIAKI. O qual solicitou ao Poder Executivo Municipal, para que atrav\u00e9s do Setor de Obras, avalie a medida \u00e0 ser tomada, para sanar um problema na estrada que liga o Desvio, pr\u00f3ximo \u00e0 propriedade do Sr. Jorge Woitick. Justificou afirmando que atrav\u00e9s desta, vem atender reivindica\u00e7\u00f5es de moradores relatando que houve um afundamento na estrada no local acima citado, acumulando \u00e1gua das chuvas, dificultando o tr\u00e1fego de ve\u00edculos e Pedestres. (Acatada pela Presid\u00eancia).","indexacao":"","observacao":"","resultado":"","texto_original":"http://sapl.antonioolinto.pr.leg.br/media/sapl/public/materialegislativa/2022/228/236.pdf","data_ultima_atualizacao":"2022-11-07T13:42:58.513267-03:00","ip":"45.189.15.230","ultima_edicao":"2022-11-07T13:38:15.741187-03:00","tipo":13,"regime_tramitacao":1,"tipo_origem_externa":null,"local_origem_externa":null,"user":2,"anexadas":[],"autores":[97]}