{"id":21,"__str__":"Indica\u00e7\u00e3o Verbal n\u00ba 7 de 2020","link_detail_backend":"/materia/21","metadata":{},"numero":7,"ano":2020,"numero_protocolo":null,"data_apresentacao":"2020-05-04","tipo_apresentacao":"O","data_publicacao":null,"numero_origem_externa":"","ano_origem_externa":null,"data_origem_externa":null,"apelido":"","dias_prazo":null,"data_fim_prazo":null,"em_tramitacao":false,"polemica":false,"objeto":"","complementar":false,"ementa":"Em Sess\u00e3o Ordin\u00e1ria realizada dia 04 de maio de 2020, a Presid\u00eancia desta Casa acatou INDICA\u00c7\u00c3O VERBAL realizada em Plen\u00e1rio, de autoria do Sr. Vereador CEZAR RONALDO WOLOCHEN DE CAMARGO, o qual solicitou ao Executivo. Servi\u00e7os de reparo nas estradas da Vila Rural.\r\nJustificou afirmando que precisa de patrolamento em todas as ruas, necessitando tamb\u00e9m de pedras em alguns pontos das estradas, facilitando o acesso dos moradores e auxiliando no transporte.","indexacao":"","observacao":"","resultado":"","texto_original":null,"data_ultima_atualizacao":"2020-11-05T10:14:26.650084-03:00","ip":"45.189.15.78","ultima_edicao":"2020-11-05T10:13:19.742749-03:00","tipo":13,"regime_tramitacao":1,"tipo_origem_externa":null,"local_origem_externa":null,"user":2,"anexadas":[],"autores":[2]}