{"id":203,"__str__":"Requerimento n\u00ba 69 de 2022","link_detail_backend":"/materia/203","metadata":{},"numero":69,"ano":2022,"numero_protocolo":null,"data_apresentacao":"2022-09-26","tipo_apresentacao":"E","data_publicacao":null,"numero_origem_externa":"","ano_origem_externa":null,"data_origem_externa":null,"apelido":"","dias_prazo":null,"data_fim_prazo":null,"em_tramitacao":false,"polemica":false,"objeto":"","complementar":false,"ementa":"Requerendo informa\u00e7\u00f5es sobre dados referente a desemprego de  jovens entre 16 e 25 anos residentes no munic\u00edpio que estejam desempregados e se h\u00e1 algum programa que estimule o primeiro emprego.","indexacao":"","observacao":"","resultado":"","texto_original":null,"data_ultima_atualizacao":"2022-10-04T16:55:08.132997-03:00","ip":"45.189.15.168","ultima_edicao":"2022-10-04T16:43:22.311228-03:00","tipo":7,"regime_tramitacao":1,"tipo_origem_externa":null,"local_origem_externa":null,"user":2,"anexadas":[],"autores":[96]}