{"id":197,"__str__":"Indica\u00e7\u00e3o Verbal n\u00ba 80 de 2022","link_detail_backend":"/materia/197","metadata":{},"numero":80,"ano":2022,"numero_protocolo":null,"data_apresentacao":"2022-09-19","tipo_apresentacao":"O","data_publicacao":null,"numero_origem_externa":"","ano_origem_externa":null,"data_origem_externa":null,"apelido":"","dias_prazo":null,"data_fim_prazo":null,"em_tramitacao":false,"polemica":false,"objeto":"","complementar":false,"ementa":"INDICA\u00c7\u00c3O VERBAL n\u00ba 199/2022, de autoria do Sr. Vereador ELISEU SCHIMIDT DE OLIVEIRA. O qual solicitou ao Poder Executivo, para que atrav\u00e9s do Setor de Obras, viabilize a constru\u00e7\u00e3o de um Bueir\u00e3o, entre as propriedades do Sr. Jo\u00e3o Carlos Bueno, e Sr. Benedito Janu\u00e1rio, rumo a resid\u00eancia do Sr. Antonio \u201cBartez\u00e1\u201d, Na comunidade de \u00c1gua Amarela de Baixo. Justificou estar atendendo reivindica\u00e7\u00f5es de moradores, afirmando que principalmente em dias chuvosos, \u00e9 imposs\u00edvel o tr\u00e1fego neste local, devido \u00e0 precariedade desse trecho da estrada.","indexacao":"","observacao":"","resultado":"","texto_original":"http://sapl.antonioolinto.pr.leg.br/media/sapl/public/materialegislativa/2022/197/199.pdf","data_ultima_atualizacao":"2022-09-26T09:49:43.206342-03:00","ip":"45.189.15.205","ultima_edicao":"2022-09-26T09:47:01.895105-03:00","tipo":13,"regime_tramitacao":1,"tipo_origem_externa":null,"local_origem_externa":null,"user":2,"anexadas":[],"autores":[100]}