{"id":18,"__str__":"Indica\u00e7\u00e3o Verbal n\u00ba 4 de 2020","link_detail_backend":"/materia/18","metadata":{},"numero":4,"ano":2020,"numero_protocolo":null,"data_apresentacao":"2020-03-02","tipo_apresentacao":"O","data_publicacao":null,"numero_origem_externa":"","ano_origem_externa":null,"data_origem_externa":null,"apelido":"","dias_prazo":null,"data_fim_prazo":null,"em_tramitacao":false,"polemica":false,"objeto":"","complementar":false,"ementa":"Em Sess\u00e3o Ordin\u00e1ria realizada dia 02 de mar\u00e7o de 2020, a Presid\u00eancia desta Casa acatou INDICA\u00c7\u00c3O VERBAL realizada em Plen\u00e1rio, de autoria do Sr. Vereador MARINALDO SCHIMIDT LEMES, o qual solicitou ao Executivo:\r\n Servi\u00e7os de reparo com patrolamento na estrada secundaria na Comunidade de \u00c1gua Amarela de Cima.\r\nJustificou afirmando que que as estradas est\u00e3o precisando de reparos, prejudicando aos moradores que utilizam desta estrada.","indexacao":"","observacao":"","resultado":"","texto_original":null,"data_ultima_atualizacao":"2020-11-05T10:08:03.034963-03:00","ip":"45.189.15.78","ultima_edicao":"2020-11-05T10:06:50.397200-03:00","tipo":13,"regime_tramitacao":1,"tipo_origem_externa":null,"local_origem_externa":null,"user":2,"anexadas":[],"autores":[6]}