{"id":146,"__str__":"Indica\u00e7\u00e3o n\u00ba 4 de 2022","link_detail_backend":"/materia/146","metadata":{},"numero":4,"ano":2022,"numero_protocolo":null,"data_apresentacao":"2022-02-21","tipo_apresentacao":"E","data_publicacao":null,"numero_origem_externa":"","ano_origem_externa":null,"data_origem_externa":null,"apelido":"","dias_prazo":null,"data_fim_prazo":null,"em_tramitacao":true,"polemica":false,"objeto":"","complementar":false,"ementa":"* Indica\u00e7\u00e3o n\u00ba04/2022 de autoria do Vereador GILCIANO MOREIRA, Para que o Poder Executivo atrav\u00e9s do Setor de Obras, realize um trabalho de recupera\u00e7\u00e3o em v\u00e1rios trechos de estradas vicinais, e Principais, nas comunidades de \u00c1gua Amarela do Meio e de Cima.\r\nJUSTIFICATIVA: Justificou estar apresentando a presente Indica\u00e7\u00e3o, refor\u00e7ando reinvindica\u00e7\u00f5es anteriores dos Vereadores Eliseu e Marinaldo, trazendo essa demanda da Popula\u00e7\u00e3o, que necessita urgentemente de tais melhorias. Ap\u00f3s retornado \u00e0 Presid\u00eancia, convidou o Sr. Secret\u00e1rio da Agricultura para explanar.","indexacao":"","observacao":"","resultado":"","texto_original":"http://sapl.antonioolinto.pr.leg.br/media/sapl/public/materialegislativa/2022/146/manutencao_no_interior.pdf","data_ultima_atualizacao":"2023-03-07T14:51:17.519118-03:00","ip":"45.189.15.188","ultima_edicao":"2022-09-15T10:12:05.589773-03:00","tipo":10,"regime_tramitacao":1,"tipo_origem_externa":null,"local_origem_externa":null,"user":2,"anexadas":[],"autores":[10]}