{"id":138,"__str__":"Indica\u00e7\u00e3o Verbal n\u00ba 75 de 2022","link_detail_backend":"/materia/138","metadata":{},"numero":75,"ano":2022,"numero_protocolo":null,"data_apresentacao":"2022-09-12","tipo_apresentacao":"O","data_publicacao":null,"numero_origem_externa":"","ano_origem_externa":null,"data_origem_externa":null,"apelido":"","dias_prazo":null,"data_fim_prazo":null,"em_tramitacao":false,"polemica":false,"objeto":"","complementar":false,"ementa":"INDICA\u00c7\u00c3O VERBAL n\u00ba 187/2022, de autoria do Sr. Vereador MARCO ANTONIO VEIGA. O qual solicitou ao Poder executivo, para que atrav\u00e9s do Setor Competente, seja definida a demarca\u00e7\u00e3o Legal da divisa de Munic\u00edpio, na comunidade do Amaro, em adjac\u00eancia com o Munic\u00edpio da Lapa. Justificou afirmando que por se tratar de uma regi\u00e3o com limite de munic\u00edpio indefinido, a Popula\u00e7\u00e3o fica desassistida em certas quest\u00f5es, inclusive com dificuldade para registros de Im\u00f3veis.","indexacao":"","observacao":"","resultado":"","texto_original":"http://sapl.antonioolinto.pr.leg.br/media/sapl/public/materialegislativa/2022/138/187.pdf","data_ultima_atualizacao":"2022-09-15T09:21:41.737553-03:00","ip":"45.189.15.188","ultima_edicao":"2022-09-15T09:13:07.964810-03:00","tipo":13,"regime_tramitacao":1,"tipo_origem_externa":null,"local_origem_externa":null,"user":2,"anexadas":[],"autores":[99]}