{"id":1176,"__str__":"Indica\u00e7\u00e3o Verbal n\u00ba 9 de 2026","link_detail_backend":"/materia/1176","metadata":{},"numero":9,"ano":2026,"numero_protocolo":16,"data_apresentacao":"2026-03-04","tipo_apresentacao":"O","data_publicacao":null,"numero_origem_externa":"","ano_origem_externa":null,"data_origem_externa":null,"apelido":"","dias_prazo":null,"data_fim_prazo":null,"em_tramitacao":true,"polemica":false,"objeto":"","complementar":false,"ementa":"Solicitando ao Poder Executivo que, atrav\u00e9s do setor competente, preste esclarecimentos acerca da distribui\u00e7\u00e3o dos porcos da ra\u00e7a Moura aos moradores do Faxinal da \u00c1gua Amarela de Cima. A presente solicita\u00e7\u00e3o se faz necess\u00e1ria tendo em vista que diversos moradores procuraram este Vereador relatando que n\u00e3o foram contemplados com o recebimento dos animais, bem como n\u00e3o possuem informa\u00e7\u00f5es sobre os crit\u00e9rios utilizados para cadastro e sele\u00e7\u00e3o dos benefici\u00e1rios. Ressalta-se que grande parte dos moradores do faxinal afirma n\u00e3o ter sido contemplada.","indexacao":"","observacao":"","resultado":"","texto_original":"http://sapl.antonioolinto.pr.leg.br/media/sapl/public/materialegislativa/2026/1176/09.pdf","data_ultima_atualizacao":"2026-03-04T08:11:20.115544-03:00","ip":"143.0.85.229","ultima_edicao":"2026-03-04T08:09:55.076954-03:00","tipo":13,"regime_tramitacao":1,"tipo_origem_externa":null,"local_origem_externa":null,"user":6,"anexadas":[],"autores":[6]}