{"id":1170,"__str__":"Indica\u00e7\u00e3o Verbal n\u00ba 4 de 2026","link_detail_backend":"/materia/1170","metadata":{},"numero":4,"ano":2026,"numero_protocolo":10,"data_apresentacao":"2026-02-09","tipo_apresentacao":"O","data_publicacao":null,"numero_origem_externa":"","ano_origem_externa":null,"data_origem_externa":null,"apelido":"","dias_prazo":null,"data_fim_prazo":null,"em_tramitacao":false,"polemica":false,"objeto":"","complementar":false,"ementa":"Solicitando ao Poder Executivo que, por meio do Setor de Obras, verifique e providencie melhorias na encruzilhada, em frente \u00e0 casa da \u201cBelinha\u201d que d\u00e1 acesso \u00e0 Comunidade da Campina.\r\nA solicita\u00e7\u00e3o se justifica devido \u00e0 ocorr\u00eancia de diversos acidentes, ocasionados pela lombada muito baixa e pela falta de sinaliza\u00e7\u00e3o, especialmente quanto \u00e0 via preferencial, conforme relatos da comunidade.\r\nDiante disso, requer-se que as provid\u00eancias necess\u00e1rias sejam adotadas com urg\u00eancia, a fim de evitar novos acidentes e garantir a seguran\u00e7a dos usu\u00e1rios da via.","indexacao":"","observacao":"","resultado":"","texto_original":"http://sapl.antonioolinto.pr.leg.br/media/sapl/public/materialegislativa/2026/1170/04.pdf","data_ultima_atualizacao":"2026-03-02T17:22:41.138622-03:00","ip":"187.17.230.123","ultima_edicao":"2026-02-11T10:16:19.354743-03:00","tipo":13,"regime_tramitacao":1,"tipo_origem_externa":null,"local_origem_externa":null,"user":6,"anexadas":[],"autores":[116]}