{"id":116,"__str__":"Indica\u00e7\u00e3o Verbal n\u00ba 64 de 2022","link_detail_backend":"/materia/116","metadata":{},"numero":64,"ano":2022,"numero_protocolo":null,"data_apresentacao":"2022-08-22","tipo_apresentacao":"O","data_publicacao":null,"numero_origem_externa":"","ano_origem_externa":null,"data_origem_externa":null,"apelido":"","dias_prazo":null,"data_fim_prazo":null,"em_tramitacao":false,"polemica":false,"objeto":"","complementar":false,"ementa":"INDICA\u00c7\u00c3O VERBAL n\u00ba 171/2022, de autoria do Sr. Vereador ELISEU SCHIMIDT DE OLIVEIRA. O qual solicitou ao Poder Executivo, para que atrav\u00e9s do Setor de Obras, realize um trabalho de reestrutura\u00e7\u00e3o na estrada conhecida como \u201cEstrada da Vargem\u201d, pr\u00f3ximo \u00e0 resid\u00eancia do Sr. Antonio Nunes, na comunidade de \u00c1gua Amarela de Baixo. Justificou estar atendendo reivindica\u00e7\u00f5es da Popula\u00e7\u00e3o solicitando um amplo trabalho de reestrutura\u00e7\u00e3o, inclusive em uma ponte. Que est\u00e1 em condi\u00e7\u00e3o prec\u00e1ria, pondo em risco a seguran\u00e7a dos Usu\u00e1rios.","indexacao":"","observacao":"","resultado":"","texto_original":null,"data_ultima_atualizacao":"2022-09-02T10:52:13.951143-03:00","ip":"45.189.15.190","ultima_edicao":"2022-09-02T10:50:26.819060-03:00","tipo":13,"regime_tramitacao":1,"tipo_origem_externa":null,"local_origem_externa":null,"user":2,"anexadas":[],"autores":[100]}