{"id":1159,"__str__":"Indica\u00e7\u00e3o Verbal n\u00ba 96 de 2025","link_detail_backend":"/materia/1159","metadata":{},"numero":96,"ano":2025,"numero_protocolo":186,"data_apresentacao":"2025-11-24","tipo_apresentacao":"O","data_publicacao":null,"numero_origem_externa":"","ano_origem_externa":null,"data_origem_externa":null,"apelido":"","dias_prazo":null,"data_fim_prazo":null,"em_tramitacao":true,"polemica":false,"objeto":"","complementar":false,"ementa":"solicitando ao Poder Executivo que o setor competente estude a possibilidade de fechar a passagem existente ao lado do parquinho localizado nas proximidades do Campo Municipal.\r\n               A presente solicita\u00e7\u00e3o decorre de reivindica\u00e7\u00f5es de moradores, que relataram ao vereador a situa\u00e7\u00e3o de risco enfrentada pelas crian\u00e7as que utilizam o parquinho. Embora tenha sido realizada a abertura da rua e a instala\u00e7\u00e3o de meio-fio, o local n\u00e3o se caracteriza como via de circula\u00e7\u00e3o. No entanto, motociclistas t\u00eam passado pelo trecho em alta velocidade, colocando em perigo as crian\u00e7as que brincam ali diariamente. Ressalta-se, ainda, que o pr\u00f3prio vereador, enquanto acompanhava seu filho no parquinho, presenciou motociclistas transitando pelo local em alta velocidade, comprovando a gravidade da situa\u00e7\u00e3o.","indexacao":"","observacao":"","resultado":"","texto_original":null,"data_ultima_atualizacao":"2025-12-01T19:36:37.364794-03:00","ip":"187.17.229.80","ultima_edicao":"2025-12-01T19:34:59.300892-03:00","tipo":13,"regime_tramitacao":1,"tipo_origem_externa":null,"local_origem_externa":null,"user":6,"anexadas":[],"autores":[116]}