{"id":1090,"__str__":"Indica\u00e7\u00e3o Verbal n\u00ba 59 de 2025","link_detail_backend":"/materia/1090","metadata":{},"numero":59,"ano":2025,"numero_protocolo":118,"data_apresentacao":"2025-06-30","tipo_apresentacao":"O","data_publicacao":null,"numero_origem_externa":"","ano_origem_externa":null,"data_origem_externa":null,"apelido":"","dias_prazo":null,"data_fim_prazo":null,"em_tramitacao":true,"polemica":false,"objeto":"","complementar":false,"ementa":"Solicitando a amplia\u00e7\u00e3o da rede de ilumina\u00e7\u00e3o p\u00fablica na comunidade do Posto Train, \u00c1gua Amarela de Baixo. Tendo em vista que j\u00e1 existem 14 postes instalados, al\u00e9m de outros que ainda n\u00e3o h\u00e1 lumin\u00e1rias ou fornecimento de ilumina\u00e7\u00e3o nos mesmos. Desde a propriedade da Sra. Rita Ferreira, at\u00e9 a resid\u00eancia da Sra. Leoni Krinski. A aus\u00eancia de ilumina\u00e7\u00e3o compromete diretamente a seguran\u00e7a p\u00fablica, favorecendo a ocorr\u00eancia de furtos, vandalismo e acidentes, al\u00e9m de gerar sensa\u00e7\u00e3o de inseguran\u00e7a entre os residentes, principalmente durante a noite. Al\u00e9m disso, a amplia\u00e7\u00e3o da rede de ilumina\u00e7\u00e3o contribui para a valoriza\u00e7\u00e3o do espa\u00e7o urbano, promove maior circula\u00e7\u00e3o de pessoas nas vias e melhora a qualidade de vida da popula\u00e7\u00e3o local. Considerando que a infraestrutura b\u00e1sica (postes) j\u00e1 se encontra instalada, a implanta\u00e7\u00e3o das lumin\u00e1rias representa um investimento de baixo custo com alto impacto social.","indexacao":"","observacao":"","resultado":"","texto_original":"http://sapl.antonioolinto.pr.leg.br/media/sapl/public/materialegislativa/2025/1090/59.pdf","data_ultima_atualizacao":"2025-07-02T14:27:51.923597-03:00","ip":"190.102.48.159","ultima_edicao":"2025-07-02T14:25:55.546367-03:00","tipo":13,"regime_tramitacao":1,"tipo_origem_externa":null,"local_origem_externa":null,"user":2,"anexadas":[],"autores":[118]}