{"id":529,"__str__":"Reda\u00e7\u00e3o Final - REDA\u00c7\u00c3O FINAL de 25/06/2025 por ","link_detail_backend":"/materia/documentoacessorio/529","metadata":{},"nome":"REDA\u00c7\u00c3O FINAL","data":"2025-06-25","autor":"","ementa":"","indexacao":"","arquivo":"http://sapl.antonioolinto.pr.leg.br/media/sapl/public/documentoacessorio/2025/529/redacao_final_plc_02-2025_do_executivo_-_novo_ctm.pdf","data_ultima_atualizacao":"2025-06-25T15:02:30.444773-03:00","materia":1046,"tipo":16}